{"id":13086,"date":"2023-06-08T13:59:15","date_gmt":"2023-06-08T11:59:15","guid":{"rendered":"https:\/\/aluminismercade.com\/?p=13086"},"modified":"2023-06-08T14:10:25","modified_gmt":"2023-06-08T12:10:25","slug":"exposicion-ventanas","status":"publish","type":"post","link":"https:\/\/aluminismercade.com\/es\/exposicion-ventanas\/","title":{"rendered":"\u00a1Descubre nuestra exposici\u00f3n de productos de cerramientos de aluminio y PVC en Aluminis Mercad\u00e9!"},"content":{"rendered":"<h1>\u00a1Descubre nuestra exposici\u00f3n de productos de cerramientos de aluminio y PVC en Aluminis Mercad\u00e9!<\/h1>\n<p><span style=\"font-weight: 400;\">\u00bfEst\u00e1s buscando soluciones elegantes y duraderas para tu hogar? \u00a1No busques m\u00e1s! En Aluminis Mercad\u00e9, estamos encantados de anunciar que hemos abierto una exposici\u00f3n donde podr\u00e1s encontrar una amplia gama de nuestros productos de <\/span><strong>cerramientos de aluminio y PVC.\u00a0<\/strong><\/p>\n<p><span style=\"font-weight: 400;\">\u00a1Te invitamos a visitarnos y explorar las opciones que tenemos para ti!<\/span><\/p>\n<ul>\n<li><strong>Mosquiteras enrollables y plisadas<\/strong><span style=\"font-weight: 400;\"><strong>:<\/strong> Mant\u00e9n los molestos insectos fuera de tu hogar sin renunciar a la frescura del aire. Nuestras mosquiteras enrollables <\/span>y plisadas<span style=\"font-weight: 400;\"> son pr\u00e1cticas, f\u00e1ciles de usar y se integran perfectamente con tus ventanas y puertas.<\/span><\/li>\n<li><strong>Ventanas practicables y correderas<\/strong><span style=\"font-weight: 400;\"><strong>:<\/strong> Descubre la comodidad y la funcionalidad en nuestras ventanas practicables <\/span>y correderas<span style=\"font-weight: 400;\">. Dise\u00f1adas con materiales de alta calidad, ofrecen una excelente hermeticidad, aislamiento t\u00e9rmico y ac\u00fastico. Adem\u00e1s, su apertura te permitir\u00e1 disfrutar de una ventilaci\u00f3n adecuada en cualquier estancia.<\/span><\/li>\n<li><span style=\"font-weight: 400;\"><strong>Ventanas mallorquinas con lama orientable:<\/strong> Agrega un toque de encanto tradicional a tu hogar con nuestras ventanas mallorquinas con lama orientable. Estas ventanas son ideales para regular la entrada de luz y aire, permiti\u00e9ndote disfrutar de la m\u00e1xima luminosidad y ventilaci\u00f3n cuando lo desees.<\/span><\/li>\n<li><span style=\"font-weight: 400;\"><strong>Ventanas de PVC:<\/strong> Si buscas una opci\u00f3n vers\u00e1til y de bajo mantenimiento, nuestras ventanas de PVC son perfectas para ti. Ofrecen un excelente aislamiento t\u00e9rmico y ac\u00fastico.<\/span><\/li>\n<\/ul>\n<p>&nbsp;<\/p>\n<p><span style=\"font-weight: 400;\">Y eso no es todo, \u00a1nuestra exposici\u00f3n cuenta con muchos m\u00e1s productos que te sorprender\u00e1n!\u00a0<\/span><\/p>\n<p><span style=\"font-weight: 400;\">Nuestro equipo de expertos estar\u00e1 encantado de ayudarte a encontrar la soluci\u00f3n de carpinter\u00eda de aluminio perfecta para tus necesidades y preferencias. Te brindaremos asesoramiento personalizado y responderemos todas tus preguntas para que tomes la mejor decisi\u00f3n.<\/span><\/p>\n<p><span style=\"font-weight: 400;\">No pierdas la oportunidad de visitarnos en nuestra exposici\u00f3n de Aluminis Mercad\u00e9, ubicada en c\/ Cam\u00ed de les Comes, 27 &#8211; Pol\u00edgono Industrial de Torrefarrera (Lleida). Te esperamos con las puertas abiertas y una amplia selecci\u00f3n de productos de calidad. \u00a1No te lo pierdas!<\/span><\/p>\n<p><span style=\"font-weight: 400;\">\u00a1Esperamos verte pronto en Aluminis Mercad\u00e9, tu empresa de confianza para <strong>soluciones de <\/strong><\/span><strong>cerramientos de aluminio y PVC en Lleida!<\/strong><\/p>\n<p>&nbsp;<\/p>\n<p>&nbsp;<\/p>\n","protected":false},"excerpt":{"rendered":"<p>\u00a1Descubre nuestra exposici\u00f3n de productos de cerramientos de aluminio y PVC en Aluminis Mercad\u00e9! \u00bfEst\u00e1s buscando soluciones elegantes y duraderas para tu hogar? \u00a1No busques m\u00e1s! En Aluminis Mercad\u00e9, estamos encantados de anunciar que hemos abierto una exposici\u00f3n donde podr\u00e1s encontrar una amplia gama de nuestros productos de cerramientos de aluminio y PVC.\u00a0 \u00a1Te invitamos&hellip;<\/p>\n","protected":false},"author":3,"featured_media":13087,"comment_status":"open","ping_status":"closed","sticky":false,"template":"","format":"standard","meta":[],"categories":[88],"tags":[],"yoast_head":"<!-- This site is optimized with the Yoast SEO plugin v18.3 - https:\/\/yoast.com\/wordpress\/plugins\/seo\/ -->\n<title>Exposici\u00f3n ventanas de aluminio y PVC<\/title>\n<meta name=\"description\" content=\"No pierdas la oportunidad de visitarnos en nuestra exposici\u00f3n de Aluminis Mercad\u00e9, ubicada en c\/ Cam\u00ed de les Comes, 27 - P.I. Torrefarrera (Lleida). Te esperamos con las puertas abiertas y una amplia selecci\u00f3n de productos de calidad.\" \/>\n<meta name=\"robots\" content=\"index, follow, max-snippet:-1, max-image-preview:large, max-video-preview:-1\" \/>\n<link rel=\"canonical\" href=\"https:\/\/aluminismercade.com\/es\/exposicion-ventanas\/\" \/>\n<meta property=\"og:locale\" content=\"es_ES\" \/>\n<meta property=\"og:type\" content=\"article\" \/>\n<meta property=\"og:title\" content=\"Exposici\u00f3n ventanas de aluminio y PVC\" \/>\n<meta property=\"og:description\" content=\"No pierdas la oportunidad de visitarnos en nuestra exposici\u00f3n de Aluminis Mercad\u00e9, ubicada en c\/ Cam\u00ed de les Comes, 27 - P.I. Torrefarrera (Lleida). Te esperamos con las puertas abiertas y una amplia selecci\u00f3n de productos de calidad.\" \/>\n<meta property=\"og:url\" content=\"https:\/\/aluminismercade.com\/es\/exposicion-ventanas\/\" \/>\n<meta property=\"og:site_name\" content=\"Aluminis Mercad\u00e9 - Lleida, Torrefarrera, tancaments, pvc, reparacions, mampares, persianes, mosquiteres, barenes, portes, enrollables, estores, toldo, sostres, etc.\" \/>\n<meta property=\"article:published_time\" content=\"2023-06-08T11:59:15+00:00\" \/>\n<meta property=\"article:modified_time\" content=\"2023-06-08T12:10:25+00:00\" \/>\n<meta property=\"og:image\" content=\"https:\/\/aluminismercade.com\/wp-content\/uploads\/2023\/06\/exposici\u00b4po3-FILEminimizer.jpg\" \/>\n\t<meta property=\"og:image:width\" content=\"1364\" \/>\n\t<meta property=\"og:image:height\" content=\"768\" \/>\n\t<meta property=\"og:image:type\" content=\"image\/jpeg\" \/>\n<meta name=\"twitter:card\" content=\"summary\" \/>\n<meta name=\"twitter:label1\" content=\"Escrito por\" \/>\n\t<meta name=\"twitter:data1\" content=\"Eva Culler\u00e9s\" \/>\n\t<meta name=\"twitter:label2\" content=\"Tiempo de lectura\" \/>\n\t<meta name=\"twitter:data2\" content=\"2 minutos\" \/>\n<script type=\"application\/ld+json\" class=\"yoast-schema-graph\">{\"@context\":\"https:\/\/schema.org\",\"@graph\":[{\"@type\":\"WebSite\",\"@id\":\"https:\/\/aluminismercade.com\/#website\",\"url\":\"https:\/\/aluminismercade.com\/\",\"name\":\"Aluminis Mercad\u00e9 - Lleida, Torrefarrera, tancaments, pvc, reparacions, mampares, persianes, mosquiteres, barenes, portes, enrollables, estores, toldo, sostres, etc.\",\"description\":\"Lleida, Torrefarrera, tancaments, pvc, reparacions, mampares, persianes, mosquiteres, barenes, portes, enrollables, estores, toldo, sostres, etc.\",\"potentialAction\":[{\"@type\":\"SearchAction\",\"target\":{\"@type\":\"EntryPoint\",\"urlTemplate\":\"https:\/\/aluminismercade.com\/?s={search_term_string}\"},\"query-input\":\"required name=search_term_string\"}],\"inLanguage\":\"es\"},{\"@type\":\"ImageObject\",\"@id\":\"https:\/\/aluminismercade.com\/es\/exposicion-ventanas\/#primaryimage\",\"inLanguage\":\"es\",\"url\":\"https:\/\/aluminismercade.com\/wp-content\/uploads\/2023\/06\/exposici\u00b4po3-FILEminimizer.jpg\",\"contentUrl\":\"https:\/\/aluminismercade.com\/wp-content\/uploads\/2023\/06\/exposici\u00b4po3-FILEminimizer.jpg\",\"width\":1364,\"height\":768,\"caption\":\"Ventanas aluminio Lleida\"},{\"@type\":\"WebPage\",\"@id\":\"https:\/\/aluminismercade.com\/es\/exposicion-ventanas\/#webpage\",\"url\":\"https:\/\/aluminismercade.com\/es\/exposicion-ventanas\/\",\"name\":\"Exposici\u00f3n ventanas de aluminio y PVC\",\"isPartOf\":{\"@id\":\"https:\/\/aluminismercade.com\/#website\"},\"primaryImageOfPage\":{\"@id\":\"https:\/\/aluminismercade.com\/es\/exposicion-ventanas\/#primaryimage\"},\"datePublished\":\"2023-06-08T11:59:15+00:00\",\"dateModified\":\"2023-06-08T12:10:25+00:00\",\"author\":{\"@id\":\"https:\/\/aluminismercade.com\/#\/schema\/person\/cf172d40f7026db92f2585ed68cd00a6\"},\"description\":\"No pierdas la oportunidad de visitarnos en nuestra exposici\u00f3n de Aluminis Mercad\u00e9, ubicada en c\/ Cam\u00ed de les Comes, 27 - P.I. Torrefarrera (Lleida). Te esperamos con las puertas abiertas y una amplia selecci\u00f3n de productos de calidad.\",\"breadcrumb\":{\"@id\":\"https:\/\/aluminismercade.com\/es\/exposicion-ventanas\/#breadcrumb\"},\"inLanguage\":\"es\",\"potentialAction\":[{\"@type\":\"ReadAction\",\"target\":[\"https:\/\/aluminismercade.com\/es\/exposicion-ventanas\/\"]}]},{\"@type\":\"BreadcrumbList\",\"@id\":\"https:\/\/aluminismercade.com\/es\/exposicion-ventanas\/#breadcrumb\",\"itemListElement\":[{\"@type\":\"ListItem\",\"position\":1,\"name\":\"Portada\",\"item\":\"https:\/\/aluminismercade.com\/es\/\"},{\"@type\":\"ListItem\",\"position\":2,\"name\":\"\u00a1Descubre nuestra exposici\u00f3n de productos de cerramientos de aluminio y PVC en Aluminis Mercad\u00e9!\"}]},{\"@type\":\"Person\",\"@id\":\"https:\/\/aluminismercade.com\/#\/schema\/person\/cf172d40f7026db92f2585ed68cd00a6\",\"name\":\"Eva Culler\u00e9s\",\"image\":{\"@type\":\"ImageObject\",\"@id\":\"https:\/\/aluminismercade.com\/#personlogo\",\"inLanguage\":\"es\",\"url\":\"https:\/\/secure.gravatar.com\/avatar\/5d9e10a82010f30a36d4c93704f36f62?s=96&d=mm&r=g\",\"contentUrl\":\"https:\/\/secure.gravatar.com\/avatar\/5d9e10a82010f30a36d4c93704f36f62?s=96&d=mm&r=g\",\"caption\":\"Eva Culler\u00e9s\"}}]}<\/script>\n<!-- \/ Yoast SEO plugin. -->","yoast_head_json":{"title":"Exposici\u00f3n ventanas de aluminio y PVC","description":"No pierdas la oportunidad de visitarnos en nuestra exposici\u00f3n de Aluminis Mercad\u00e9, ubicada en c\/ Cam\u00ed de les Comes, 27 - P.I. Torrefarrera (Lleida). Te esperamos con las puertas abiertas y una amplia selecci\u00f3n de productos de calidad.","robots":{"index":"index","follow":"follow","max-snippet":"max-snippet:-1","max-image-preview":"max-image-preview:large","max-video-preview":"max-video-preview:-1"},"canonical":"https:\/\/aluminismercade.com\/es\/exposicion-ventanas\/","og_locale":"es_ES","og_type":"article","og_title":"Exposici\u00f3n ventanas de aluminio y PVC","og_description":"No pierdas la oportunidad de visitarnos en nuestra exposici\u00f3n de Aluminis Mercad\u00e9, ubicada en c\/ Cam\u00ed de les Comes, 27 - P.I. Torrefarrera (Lleida). Te esperamos con las puertas abiertas y una amplia selecci\u00f3n de productos de calidad.","og_url":"https:\/\/aluminismercade.com\/es\/exposicion-ventanas\/","og_site_name":"Aluminis Mercad\u00e9 - Lleida, Torrefarrera, tancaments, pvc, reparacions, mampares, persianes, mosquiteres, barenes, portes, enrollables, estores, toldo, sostres, etc.","article_published_time":"2023-06-08T11:59:15+00:00","article_modified_time":"2023-06-08T12:10:25+00:00","og_image":[{"width":1364,"height":768,"url":"https:\/\/aluminismercade.com\/wp-content\/uploads\/2023\/06\/exposici\u00b4po3-FILEminimizer.jpg","type":"image\/jpeg"}],"twitter_card":"summary","twitter_misc":{"Escrito por":"Eva Culler\u00e9s","Tiempo de lectura":"2 minutos"},"schema":{"@context":"https:\/\/schema.org","@graph":[{"@type":"WebSite","@id":"https:\/\/aluminismercade.com\/#website","url":"https:\/\/aluminismercade.com\/","name":"Aluminis Mercad\u00e9 - Lleida, Torrefarrera, tancaments, pvc, reparacions, mampares, persianes, mosquiteres, barenes, portes, enrollables, estores, toldo, sostres, etc.","description":"Lleida, Torrefarrera, tancaments, pvc, reparacions, mampares, persianes, mosquiteres, barenes, portes, enrollables, estores, toldo, sostres, etc.","potentialAction":[{"@type":"SearchAction","target":{"@type":"EntryPoint","urlTemplate":"https:\/\/aluminismercade.com\/?s={search_term_string}"},"query-input":"required name=search_term_string"}],"inLanguage":"es"},{"@type":"ImageObject","@id":"https:\/\/aluminismercade.com\/es\/exposicion-ventanas\/#primaryimage","inLanguage":"es","url":"https:\/\/aluminismercade.com\/wp-content\/uploads\/2023\/06\/exposici\u00b4po3-FILEminimizer.jpg","contentUrl":"https:\/\/aluminismercade.com\/wp-content\/uploads\/2023\/06\/exposici\u00b4po3-FILEminimizer.jpg","width":1364,"height":768,"caption":"Ventanas aluminio Lleida"},{"@type":"WebPage","@id":"https:\/\/aluminismercade.com\/es\/exposicion-ventanas\/#webpage","url":"https:\/\/aluminismercade.com\/es\/exposicion-ventanas\/","name":"Exposici\u00f3n ventanas de aluminio y PVC","isPartOf":{"@id":"https:\/\/aluminismercade.com\/#website"},"primaryImageOfPage":{"@id":"https:\/\/aluminismercade.com\/es\/exposicion-ventanas\/#primaryimage"},"datePublished":"2023-06-08T11:59:15+00:00","dateModified":"2023-06-08T12:10:25+00:00","author":{"@id":"https:\/\/aluminismercade.com\/#\/schema\/person\/cf172d40f7026db92f2585ed68cd00a6"},"description":"No pierdas la oportunidad de visitarnos en nuestra exposici\u00f3n de Aluminis Mercad\u00e9, ubicada en c\/ Cam\u00ed de les Comes, 27 - P.I. Torrefarrera (Lleida). Te esperamos con las puertas abiertas y una amplia selecci\u00f3n de productos de calidad.","breadcrumb":{"@id":"https:\/\/aluminismercade.com\/es\/exposicion-ventanas\/#breadcrumb"},"inLanguage":"es","potentialAction":[{"@type":"ReadAction","target":["https:\/\/aluminismercade.com\/es\/exposicion-ventanas\/"]}]},{"@type":"BreadcrumbList","@id":"https:\/\/aluminismercade.com\/es\/exposicion-ventanas\/#breadcrumb","itemListElement":[{"@type":"ListItem","position":1,"name":"Portada","item":"https:\/\/aluminismercade.com\/es\/"},{"@type":"ListItem","position":2,"name":"\u00a1Descubre nuestra exposici\u00f3n de productos de cerramientos de aluminio y PVC en Aluminis Mercad\u00e9!"}]},{"@type":"Person","@id":"https:\/\/aluminismercade.com\/#\/schema\/person\/cf172d40f7026db92f2585ed68cd00a6","name":"Eva Culler\u00e9s","image":{"@type":"ImageObject","@id":"https:\/\/aluminismercade.com\/#personlogo","inLanguage":"es","url":"https:\/\/secure.gravatar.com\/avatar\/5d9e10a82010f30a36d4c93704f36f62?s=96&d=mm&r=g","contentUrl":"https:\/\/secure.gravatar.com\/avatar\/5d9e10a82010f30a36d4c93704f36f62?s=96&d=mm&r=g","caption":"Eva Culler\u00e9s"}}]}},"_links":{"self":[{"href":"https:\/\/aluminismercade.com\/es\/wp-json\/wp\/v2\/posts\/13086"}],"collection":[{"href":"https:\/\/aluminismercade.com\/es\/wp-json\/wp\/v2\/posts"}],"about":[{"href":"https:\/\/aluminismercade.com\/es\/wp-json\/wp\/v2\/types\/post"}],"author":[{"embeddable":true,"href":"https:\/\/aluminismercade.com\/es\/wp-json\/wp\/v2\/users\/3"}],"replies":[{"embeddable":true,"href":"https:\/\/aluminismercade.com\/es\/wp-json\/wp\/v2\/comments?post=13086"}],"version-history":[{"count":2,"href":"https:\/\/aluminismercade.com\/es\/wp-json\/wp\/v2\/posts\/13086\/revisions"}],"predecessor-version":[{"id":13090,"href":"https:\/\/aluminismercade.com\/es\/wp-json\/wp\/v2\/posts\/13086\/revisions\/13090"}],"wp:featuredmedia":[{"embeddable":true,"href":"https:\/\/aluminismercade.com\/es\/wp-json\/wp\/v2\/media\/13087"}],"wp:attachment":[{"href":"https:\/\/aluminismercade.com\/es\/wp-json\/wp\/v2\/media?parent=13086"}],"wp:term":[{"taxonomy":"category","embeddable":true,"href":"https:\/\/aluminismercade.com\/es\/wp-json\/wp\/v2\/categories?post=13086"},{"taxonomy":"post_tag","embeddable":true,"href":"https:\/\/aluminismercade.com\/es\/wp-json\/wp\/v2\/tags?post=13086"}],"curies":[{"name":"wp","href":"https:\/\/api.w.org\/{rel}","templated":true}]}}